[{"@context":"https:\/\/schema.org\/","@type":"Article","@id":"https:\/\/www.3-s.cz\/znate\/#Article","mainEntityOfPage":"https:\/\/www.3-s.cz\/znate\/","headline":"Zn\u00e1te?","name":"Zn\u00e1te?","description":"Zn\u00e1te \u017eenu, kter\u00e1 je se sebou naprosto spokojena? \u017denu, co nem\u00e1 na sv\u00e9m t\u011ble jedin\u00e9 m\u00edsto, kter\u00e9 by se j\u00ed...","datePublished":"2025-09-01","dateModified":"2025-09-01","author":{"@type":"Person","@id":"https:\/\/www.3-s.cz\/author\/#Person","name":"","url":"https:\/\/www.3-s.cz\/author\/","identifier":1,"image":{"@type":"ImageObject","@id":"https:\/\/secure.gravatar.com\/avatar\/0dc285cbe86eecc8073f119fcb2e2c7032b51533f5bb47611c7d4a598558b8b7?s=96&d=mm&r=g","url":"https:\/\/secure.gravatar.com\/avatar\/0dc285cbe86eecc8073f119fcb2e2c7032b51533f5bb47611c7d4a598558b8b7?s=96&d=mm&r=g","height":96,"width":96}},"publisher":{"@type":"Organization","name":"3-s.cz","logo":{"@type":"ImageObject","@id":"\/logo.png","url":"\/logo.png","width":600,"height":60}},"url":"https:\/\/www.3-s.cz\/znate\/","wordCount":184,"articleBody":" Zn\u00e1te \u017eenu, kter\u00e1 je se sebou naprosto spokojena? \u017denu, co nem\u00e1 na sv\u00e9m t\u011ble jedin\u00e9 m\u00edsto, kter\u00e9 by se j\u00ed nezd\u00e1lo dosti dokonal\u00e9? Jist\u011b te\u010f odpov\u00edd\u00e1te, \u017ee ne. I kdy\u017e jin\u00fdm se va\u0161e nedostatky mohou zd\u00e1t malichern\u00e9, pro v\u00e1s jsou opravdu viditeln\u00e9 a zt\u011b\u017euj\u00ed v\u00e1m \u017eivot. Pro n\u011bkoho je to tu\u010dn\u011bj\u0161\u00ed postava, pro jin\u00e9ho kulat\u00fd obli\u010dej, pro n\u011bkoho kr\u00e1tk\u00e9 nohy. Zkr\u00e1tka nenajdete \u010dlov\u011bka, kter\u00fd by byl se sebou pln\u011b spokojen\u00fd. A co se v\u00e1m nel\u00edb\u00ed na v\u00e1s? Pihat\u00e1 z\u00e1da? Siln\u011bj\u0161\u00ed ruce? A nebo snad \u0159\u00eddk\u00e9 kade\u0159e? Co s kade\u0159emi Pokud nejste spokojena se sv\u00fdmi kade\u0159emi, v\u011b\u0159te, \u017ee v dne\u0161n\u00ed dob\u011b u\u017e se s t\u00edmto nedostatkem nemus\u00edte smi\u0159ovat. Pr\u00e1v\u011b pro v\u00e1s je tady prodlu\u017eov\u00e1n\u00ed vlas\u016f Praha, kter\u00e9 v\u00e1m pom\u016f\u017ee v\u00e1\u0161 probl\u00e9m vy\u0159e\u0161it. Od n\u00e1s m\u016f\u017eete o\u010dek\u00e1vat jen profesion\u00e1ln\u00ed pr\u00e1ci a tu nejv\u011bt\u0161\u00ed kvalitu.                                                                                                                                                                                                                                                                                                                                                                                                 "},{"@context":"https:\/\/schema.org\/","@type":"BreadcrumbList","itemListElement":[{"@type":"ListItem","position":1,"name":"Zn\u00e1te?","item":"https:\/\/www.3-s.cz\/znate\/#breadcrumbitem"}]}]