[{"@context":"https:\/\/schema.org\/","@type":"Article","@id":"https:\/\/www.3-s.cz\/ubytovani-v-lednici-jako-pripominka-konce-epochy-feudalismu\/#Article","mainEntityOfPage":"https:\/\/www.3-s.cz\/ubytovani-v-lednici-jako-pripominka-konce-epochy-feudalismu\/","headline":"Ubytov\u00e1n\u00ed v Lednici jako p\u0159ipom\u00ednka konce epochy feudalismu","name":"Ubytov\u00e1n\u00ed v Lednici jako p\u0159ipom\u00ednka konce epochy feudalismu","description":"V\u00edte, \u010d\u00edm se vyzna\u010dovalo 19. stolet\u00ed? Pr\u016fmyslovou revoluc\u00ed a koncem jedn\u00e9 historick\u00e9 epochy. Byla to velmi zaj\u00edmav\u00e1 doba, pln\u00e1 zvrat\u016f...","datePublished":"2021-01-16","dateModified":"2023-04-30","author":{"@type":"Person","@id":"https:\/\/www.3-s.cz\/author\/#Person","name":"","url":"https:\/\/www.3-s.cz\/author\/","identifier":1,"image":{"@type":"ImageObject","@id":"https:\/\/secure.gravatar.com\/avatar\/0dc285cbe86eecc8073f119fcb2e2c7032b51533f5bb47611c7d4a598558b8b7?s=96&d=mm&r=g","url":"https:\/\/secure.gravatar.com\/avatar\/0dc285cbe86eecc8073f119fcb2e2c7032b51533f5bb47611c7d4a598558b8b7?s=96&d=mm&r=g","height":96,"width":96}},"publisher":{"@type":"Organization","name":"3-s.cz","logo":{"@type":"ImageObject","@id":"\/logo.png","url":"\/logo.png","width":600,"height":60}},"image":{"@type":"ImageObject","@id":"https:\/\/www.3-s.cz\/wp-content\/uploads\/z%C3%A1mek%20Lednice_10_10_10_10.jpg","url":"https:\/\/www.3-s.cz\/wp-content\/uploads\/z%C3%A1mek%20Lednice_10_10_10_10.jpg","height":0,"width":0},"url":"https:\/\/www.3-s.cz\/ubytovani-v-lednici-jako-pripominka-konce-epochy-feudalismu\/","about":["Business"],"wordCount":450,"articleBody":"V\u00edte, \u010d\u00edm se vyzna\u010dovalo 19. stolet\u00ed? Pr\u016fmyslovou revoluc\u00ed a koncem jedn\u00e9 historick\u00e9 epochy. Byla to velmi zaj\u00edmav\u00e1 doba, pln\u00e1 zvrat\u016f a revolu\u010dn\u00edch my\u0161lenek. M\u016f\u017eete si ji v\u00fdrazn\u011b p\u0159ipomenout nap\u0159\u00edklad na b\u00fdval\u00e9m panstv\u00ed Lichten\u0161tejn\u016f, s ubytov\u00e1n\u00edm v hotelu Lednice, v sousedstv\u00ed z\u00e1mku Lednice s p\u0159ilehl\u00fdm krajinn\u00fdm parkem. Revolu\u010dn\u00ed prom\u011bny 19. stolet\u00edPolovina 19. stolet\u00ed se vyzna\u010dovala dv\u011bma v\u00fdrazn\u00fdmi protiklady. Lid\u00e9 tou\u017eili po v\u011bt\u0161\u00ed volnosti a feudalismus p\u0159est\u00e1val b\u00fdt pomalu, ale jist\u011b, dominantn\u00edm spole\u010densk\u00fdm \u0159\u00e1dem. Ofici\u00e1ln\u011b ukon\u010dil sv\u00e9 p\u016fsoben\u00ed v roce 1848 zru\u0161en\u00edm poddanstv\u00ed, kdy ji\u017e nemohla vrchnost rozhodovat o byt\u00ed a nebyt\u00ed sv\u00fdch nevoln\u00edk\u016f, kte\u0159\u00ed se mohli svobodn\u011b rozhodnout \u017e\u00edt podle sv\u00e9ho, za prac\u00ed migrovat, p\u0159\u00edpadn\u011b m\u00edt sv\u016fj vlastn\u00ed zdroj ob\u017eivy.Toto obdob\u00ed bylo velmi dramatick\u00e9 i vzhledem k rychl\u00e9 expanzi pr\u016fmyslov\u00e9 revoluce, ta toti\u017e umo\u017e\u0148ovala p\u0159ekotn\u00fd rozvoj m\u011bst a p\u0159ilehl\u00fdch pr\u016fmyslov\u00fdch center, co\u017e vedlo \u0161lechtu k p\u0159ehodnocen\u00ed jejich dosavadn\u00edho \u017eivotn\u00edho stylu.Lichten\u0161tejnov\u00e9 se s t\u00edmto jevem vypo\u0159\u00e1dali po sv\u00e9m, ale snadn\u00e9 to rozhodn\u011b nem\u011bli. Vyu\u017eili v\u00fddobytk\u016f technick\u00fdch objev\u016f kup\u0159\u00edkladu k rekonstrukci ob\u0159\u00edho sklen\u00edku v sousedstv\u00ed z\u00e1mku Lednice, kter\u00fd tvo\u0159\u00ed ocelov\u00e1 a litinov\u00e1 konstrukce s vsazen\u00fdmi sklen\u011bn\u00fdmi desti\u010dkami. Kon\u010d\u00edc\u00ed feudalistick\u00e1 epocha tak\u00e9 nahr\u00e1vala v cel\u00e9 Evrop\u011b nostalgick\u00e9mu n\u00e1vratu star\u00fdch dob, podobn\u011b jako to pro\u017e\u00edv\u00e1me my dnes v souvislosti s tzv. retro stylem.Tehdy se za retro styl pova\u017eovalo vyzdvi\u017een\u00ed architektonick\u00fdch pam\u00e1tek starov\u011bku a ran\u00e9 gotiky, tedy p\u0159edev\u0161\u00edm antick\u00e9ho um\u011bn\u00ed. Lichten\u0161tejnov\u00e9 na sv\u00e9m panstv\u00ed, v rozs\u00e1hl\u00e9m Lednicko-valtick\u00e9m are\u00e1lu vybudovali n\u011bkolik men\u0161\u00edch staveb (salet), s nimi\u017e mohli alespo\u0148 pomysln\u011b souzn\u00edt se starov\u011bk\u00fdm \u0158eckem a \u0158\u00edmem. K t\u011bm nejzaj\u00edmav\u011bj\u0161\u00edm pat\u0159\u00ed Chr\u00e1m T\u0159\u00ed Gr\u00e1ci\u00ed, mal\u00fd letohr\u00e1dek obl\u00e9ho p\u016fdorysu v neoklasicistn\u00edm duchu, s typick\u00fdmi antick\u00fdmi vysok\u00fdmi sloupy, a d\u00e1le Loveck\u00fd z\u00e1me\u010dek, Apoll\u00f3n\u016fv chr\u00e1m, Reistna a Dianin chr\u00e1m.Nenechte si uj\u00edt p\u0159\u00edle\u017eitost p\u0159ipomenout si tuto epochu vlastn\u00edmi pro\u017eitky, m\u016f\u017eete se tu ubytovat v bl\u00edzkosti z\u00e1mku a str\u00e1vit tu p\u0159\u00edjemnou dovolenou nebo prodlou\u017een\u00fd v\u00edkend a spojit jej s pobytem v p\u0159\u00edrod\u011b, kter\u00e1 pat\u0159\u00ed k nejkr\u00e1sn\u011bj\u0161\u00edm a nejobdivovan\u011bj\u0161\u00edm ve st\u0159edn\u00ed Evrop\u011b.                                                                                                                                                                                                                                                                                                                                                                                         4.3\/5 - (6 votes)        "},{"@context":"https:\/\/schema.org\/","@type":"BreadcrumbList","itemListElement":[{"@type":"ListItem","position":1,"name":"Ubytov\u00e1n\u00ed v Lednici jako p\u0159ipom\u00ednka konce epochy feudalismu","item":"https:\/\/www.3-s.cz\/ubytovani-v-lednici-jako-pripominka-konce-epochy-feudalismu\/#breadcrumbitem"}]}]