[{"@context":"https:\/\/schema.org\/","@type":"Article","@id":"https:\/\/www.3-s.cz\/pokud-je-vase-vozidlo-soucasti-vasi-prace\/#Article","mainEntityOfPage":"https:\/\/www.3-s.cz\/pokud-je-vase-vozidlo-soucasti-vasi-prace\/","headline":"Pokud je va\u0161e vozidlo sou\u010d\u00e1st\u00ed va\u0161\u00ed pr\u00e1ce","name":"Pokud je va\u0161e vozidlo sou\u010d\u00e1st\u00ed va\u0161\u00ed pr\u00e1ce","description":"Mo\u017en\u00e1 je v\u00e1\u0161 automobil d\u016fle\u017eitou sou\u010d\u00e1st\u00ed va\u0161eho zam\u011bstn\u00e1n\u00ed. Mo\u017en\u00e1 s\u00a0n\u00edm jezd\u00edte za sv\u00fdmi klienty anebo s\u00a0n\u00edm \u010das od \u010dasu vyr\u00e1\u017e\u00edte...","datePublished":"2023-11-20","dateModified":"2023-11-20","author":{"@type":"Person","@id":"https:\/\/www.3-s.cz\/author\/#Person","name":"","url":"https:\/\/www.3-s.cz\/author\/","identifier":1,"image":{"@type":"ImageObject","@id":"https:\/\/secure.gravatar.com\/avatar\/0dc285cbe86eecc8073f119fcb2e2c7032b51533f5bb47611c7d4a598558b8b7?s=96&d=mm&r=g","url":"https:\/\/secure.gravatar.com\/avatar\/0dc285cbe86eecc8073f119fcb2e2c7032b51533f5bb47611c7d4a598558b8b7?s=96&d=mm&r=g","height":96,"width":96}},"publisher":{"@type":"Organization","name":"3-s.cz","logo":{"@type":"ImageObject","@id":"\/logo.png","url":"\/logo.png","width":600,"height":60}},"url":"https:\/\/www.3-s.cz\/pokud-je-vase-vozidlo-soucasti-vasi-prace\/","wordCount":238,"articleBody":"\tMo\u017en\u00e1 je v\u00e1\u0161 automobil d\u016fle\u017eitou sou\u010d\u00e1st\u00ed va\u0161eho zam\u011bstn\u00e1n\u00ed. Mo\u017en\u00e1 s\u00a0n\u00edm jezd\u00edte za sv\u00fdmi klienty anebo s\u00a0n\u00edm \u010das od \u010dasu vyr\u00e1\u017e\u00edte na dlouh\u00e9 pracovn\u00ed cesty, kter\u00e9 jsou sou\u010d\u00e1st\u00ed va\u0161\u00ed pr\u00e1ce. A ka\u017ed\u00fd, kdo cestuje vlastn\u00edm vozem, to zpravidla d\u011bl\u00e1 proto, proto\u017ee chce b\u00fdt sv\u00fdm p\u00e1nem. To je tak\u00e9 ten nej\u010dast\u011bj\u0161\u00ed d\u016fvod, pro\u010d si jej po\u0159izujeme. Zkr\u00e1tka chceme b\u00fdt svobodn\u00ed a moci zastavit, kdykoli to pot\u0159ebujeme, chceme m\u00edt mo\u017enost na posledn\u00ed chv\u00edli zm\u011bnit sv\u00e9 pl\u00e1ny anebo s\u00a0sebou pot\u0159ebujeme vozit tak\u00e9 ve\u0161ker\u00e9 sv\u00e9 vybaven\u00ed, kter\u00e9 ke sv\u00e9 pr\u00e1ci pot\u0159ebujeme, a kter\u00e9 bychom ani p\u0159i nejlep\u0161\u00ed v\u016fli nep\u0159evezli ve\u0159ejnou dopravou.\tTak mus\u00ed \u0161lapat jako hodinkyJen\u017ee aby toto v\u0161echno fungovalo, tak je naprosto nezbytn\u00e9, aby bezchybn\u011b fungoval tak\u00e9 n\u00e1\u0161 v\u016fz. Nikdo z\u00a0n\u00e1s by jist\u011b necht\u011bl \u010dekat na silnici na odtahov\u00e9 vozidlo ve chv\u00edli, kdy m\u011bl b\u00fdt u\u017e n\u011bkde jinde a v\u011bnovat se sv\u00e9mu \u0159emeslu \u010di d\u016fle\u017eit\u00e9 obchodn\u00ed sch\u016fzce. A aby k\u00a0podobn\u00fdm komplikac\u00edm nedoch\u00e1zelo, tak sta\u010d\u00ed jednou za \u010das nav\u0161t\u00edvit autoservis Praha a nechat si tam sv\u016fj v\u016fz kompletn\u011b zkontrolovat a se\u0159\u00eddit.                                                                                                                                                                                                                                                                                                                                                                                        4.8\/5 - (6 votes)        "},{"@context":"https:\/\/schema.org\/","@type":"BreadcrumbList","itemListElement":[{"@type":"ListItem","position":1,"name":"Pokud je va\u0161e vozidlo sou\u010d\u00e1st\u00ed va\u0161\u00ed pr\u00e1ce","item":"https:\/\/www.3-s.cz\/pokud-je-vase-vozidlo-soucasti-vasi-prace\/#breadcrumbitem"}]}]