[{"@context":"https:\/\/schema.org\/","@type":"Article","@id":"https:\/\/www.3-s.cz\/podejte-si-prihlasku-do-nasi-autoskoly\/#Article","mainEntityOfPage":"https:\/\/www.3-s.cz\/podejte-si-prihlasku-do-nasi-autoskoly\/","headline":"Podejte si p\u0159ihl\u00e1\u0161ku do na\u0161\u00ed auto\u0161koly","name":"Podejte si p\u0159ihl\u00e1\u0161ku do na\u0161\u00ed auto\u0161koly","description":"Auto\u0161kola Brno \u010dek\u00e1 na sv\u00e9 nov\u00e9 \u017e\u00e1ky Sly\u0161eli jste u\u017e o na\u0161\u00ed auto\u0161kole Slon v Brn\u011b? Auto\u0161kola Brno byla z\u0159\u00edzena...","datePublished":"2025-05-01","dateModified":"2025-05-01","author":{"@type":"Person","@id":"https:\/\/www.3-s.cz\/author\/#Person","name":"","url":"https:\/\/www.3-s.cz\/author\/","identifier":1,"image":{"@type":"ImageObject","@id":"https:\/\/secure.gravatar.com\/avatar\/0dc285cbe86eecc8073f119fcb2e2c7032b51533f5bb47611c7d4a598558b8b7?s=96&d=mm&r=g","url":"https:\/\/secure.gravatar.com\/avatar\/0dc285cbe86eecc8073f119fcb2e2c7032b51533f5bb47611c7d4a598558b8b7?s=96&d=mm&r=g","height":96,"width":96}},"publisher":{"@type":"Organization","name":"3-s.cz","logo":{"@type":"ImageObject","@id":"\/logo.png","url":"\/logo.png","width":600,"height":60}},"url":"https:\/\/www.3-s.cz\/podejte-si-prihlasku-do-nasi-autoskoly\/","wordCount":219,"articleBody":" Auto\u0161kola Brno \u010dek\u00e1 na sv\u00e9 nov\u00e9 \u017e\u00e1ky Sly\u0161eli jste u\u017e o na\u0161\u00ed auto\u0161kole Slon v Brn\u011b? Auto\u0161kola Brno byla z\u0159\u00edzena v roce 2003 jako jedna z nejmen\u0161\u00edch v Brn\u011b. Sna\u017e\u00edme se o modern\u00ed, kvalitn\u00ed a praktickou v\u00fduku tak, aby ji zvl\u00e1dli v\u0161ichni na\u0161i \u017e\u00e1ci bez probl\u00e9m\u016f. V\u0161em se pln\u011b v\u011bnujeme po celou dobu trv\u00e1n\u00ed kurzu a sna\u017e\u00edme se v pr\u016fb\u011bhu v\u00fduky p\u0159\u00edpadn\u00e9 nedostatky na\u0161ich \u017e\u00e1k\u016f odstra\u0148ovat. P\u0159ij\u00edm\u00e1me nov\u00e9 \u017e\u00e1ky do auto\u0161koly Brno Pokud m\u00e1te skute\u010dn\u00fd z\u00e1jem ud\u011blat si u n\u00e1s auto\u0161kolu, r\u00e1di v\u00e1s p\u0159ijmeme. P\u0159ineste si vypln\u011bnou p\u0159ihl\u00e1\u0161ku, k ni mus\u00edte dolo\u017eit i l\u00e9ka\u0159sk\u00fd posudek o va\u0161\u00ed zdravotn\u00ed zp\u016fsobilosti. Cizinci nav\u00edc p\u0159edkl\u00e1daj\u00ed i povolen\u00ed k pobytu. Pak ji\u017e ve v\u00fduce nic nebude br\u00e1nit. Auto\u0161kola Praha ud\u011bl\u00e1 v\u0161e pro to, aby z v\u00e1s vychovala kvalitn\u00ed a ohledupln\u00e9 \u0159idi\u010de. Z\u00e1v\u011bre\u010dn\u00e9 zkou\u0161ky Po zvl\u00e1dnut\u00ed teoretick\u00e9 \u010d\u00e1sti a praktick\u00fdch j\u00edzd je \u017e\u00e1k p\u0159ipraven k z\u00e1v\u011bre\u010dn\u00fdm zkou\u0161k\u00e1m. Auto\u0161kola Brno v\u011b\u0159\u00ed, \u017ee ji v\u0161ichni zvl\u00e1dnou.                                                                                                                                                                                                                                                                                                                                                                                                "},{"@context":"https:\/\/schema.org\/","@type":"BreadcrumbList","itemListElement":[{"@type":"ListItem","position":1,"name":"Podejte si p\u0159ihl\u00e1\u0161ku do na\u0161\u00ed auto\u0161koly","item":"https:\/\/www.3-s.cz\/podejte-si-prihlasku-do-nasi-autoskoly\/#breadcrumbitem"}]}]