[{"@context":"https:\/\/schema.org\/","@type":"Blog","@id":"https:\/\/www.3-s.cz#Blog","headline":"3-S","description":"\nNikdy pochopiteln\u011b nem\u016f\u017eeme m\u00edt jistotu, \u017ee se tref\u00edme v\u0161em n\u00e1v\u0161t\u011bvn\u00edk\u016fm p\u0159esn\u011b do jejich vkusu, ale \u010din\u00edme v\u0161e pro to, abychom se p\u0159esto lidem l\u00edbili.","url":"https:\/\/www.3-s.cz","hasPart":[{"@type":"Article","@id":"https:\/\/www.3-s.cz\/zazitek-na-cely-zivot\/","headline":"Z\u00e1\u017eitek na cel\u00fd \u017eivot","url":"https:\/\/www.3-s.cz\/zazitek-na-cely-zivot\/","datePublished":"2025-04-16","dateModified":"2025-04-16","mainEntityOfPage":"https:\/\/www.3-s.cz\/zazitek-na-cely-zivot\/","author":{"@type":"Person","@id":"https:\/\/www.3-s.cz\/author\/#Person","name":"","url":"https:\/\/www.3-s.cz\/author\/","identifier":1,"image":{"@type":"ImageObject","@id":"https:\/\/secure.gravatar.com\/avatar\/0dc285cbe86eecc8073f119fcb2e2c7032b51533f5bb47611c7d4a598558b8b7?s=96&d=mm&r=g","url":"https:\/\/secure.gravatar.com\/avatar\/0dc285cbe86eecc8073f119fcb2e2c7032b51533f5bb47611c7d4a598558b8b7?s=96&d=mm&r=g","height":96,"width":96}},"publisher":{"@type":"Organization","name":"3-s.cz","logo":{"@type":"ImageObject","@id":"\/logo.png","url":"\/logo.png","width":600,"height":60}},"image":{"@type":"ImageObject","@id":"https:\/\/www.3-s.cz\/wp-content\/uploads\/pexels-paulsan-8479823.jpg","url":"https:\/\/www.3-s.cz\/wp-content\/uploads\/pexels-paulsan-8479823.jpg","height":0,"width":0},"wordCount":551,"keywords":null},{"@type":"Article","@id":"https:\/\/www.3-s.cz\/dejte-si-tocenou-zmrzlinu\/","headline":"Dejte si to\u010denou zmrzlinu","url":"https:\/\/www.3-s.cz\/dejte-si-tocenou-zmrzlinu\/","datePublished":"2025-04-15","dateModified":"2025-04-15","mainEntityOfPage":"https:\/\/www.3-s.cz\/dejte-si-tocenou-zmrzlinu\/","author":{"@type":"Person","@id":"https:\/\/www.3-s.cz\/author\/#Person","name":"","url":"https:\/\/www.3-s.cz\/author\/","identifier":1,"image":{"@type":"ImageObject","@id":"https:\/\/secure.gravatar.com\/avatar\/0dc285cbe86eecc8073f119fcb2e2c7032b51533f5bb47611c7d4a598558b8b7?s=96&d=mm&r=g","url":"https:\/\/secure.gravatar.com\/avatar\/0dc285cbe86eecc8073f119fcb2e2c7032b51533f5bb47611c7d4a598558b8b7?s=96&d=mm&r=g","height":96,"width":96}},"publisher":{"@type":"Organization","name":"3-s.cz","logo":{"@type":"ImageObject","@id":"\/logo.png","url":"\/logo.png","width":600,"height":60}},"image":null,"wordCount":236,"keywords":null},{"@type":"Article","@id":"https:\/\/www.3-s.cz\/molitan-patri-v-domacnostem-k-nejpouzivanejsim-materialum\/","headline":"Molitan pat\u0159\u00ed v dom\u00e1cnostem k nejpou\u017e\u00edvan\u011bj\u0161\u00edm materi\u00e1l\u016fm","url":"https:\/\/www.3-s.cz\/molitan-patri-v-domacnostem-k-nejpouzivanejsim-materialum\/","datePublished":"2025-04-12","dateModified":"2025-04-12","mainEntityOfPage":"https:\/\/www.3-s.cz\/molitan-patri-v-domacnostem-k-nejpouzivanejsim-materialum\/","author":{"@type":"Person","@id":"https:\/\/www.3-s.cz\/author\/#Person","name":"","url":"https:\/\/www.3-s.cz\/author\/","identifier":1,"image":{"@type":"ImageObject","@id":"https:\/\/secure.gravatar.com\/avatar\/0dc285cbe86eecc8073f119fcb2e2c7032b51533f5bb47611c7d4a598558b8b7?s=96&d=mm&r=g","url":"https:\/\/secure.gravatar.com\/avatar\/0dc285cbe86eecc8073f119fcb2e2c7032b51533f5bb47611c7d4a598558b8b7?s=96&d=mm&r=g","height":96,"width":96}},"publisher":{"@type":"Organization","name":"3-s.cz","logo":{"@type":"ImageObject","@id":"\/logo.png","url":"\/logo.png","width":600,"height":60}},"image":{"@type":"ImageObject","@id":"https:\/\/www.3-s.cz\/wp-content\/uploads\/mattress-2489615_640_10_1.jpg","url":"https:\/\/www.3-s.cz\/wp-content\/uploads\/mattress-2489615_640_10_1.jpg","height":0,"width":0},"wordCount":620,"keywords":null},{"@type":"Article","@id":"https:\/\/www.3-s.cz\/kdyz-to-jde-doma-mohlo-by-to-jit-i-v-praci\/","headline":"Kdy\u017e to jde doma, mohlo by to j\u00edt i v pr\u00e1ci","url":"https:\/\/www.3-s.cz\/kdyz-to-jde-doma-mohlo-by-to-jit-i-v-praci\/","datePublished":"2025-04-11","dateModified":"2025-04-11","mainEntityOfPage":"https:\/\/www.3-s.cz\/kdyz-to-jde-doma-mohlo-by-to-jit-i-v-praci\/","author":{"@type":"Person","@id":"https:\/\/www.3-s.cz\/author\/#Person","name":"","url":"https:\/\/www.3-s.cz\/author\/","identifier":1,"image":{"@type":"ImageObject","@id":"https:\/\/secure.gravatar.com\/avatar\/0dc285cbe86eecc8073f119fcb2e2c7032b51533f5bb47611c7d4a598558b8b7?s=96&d=mm&r=g","url":"https:\/\/secure.gravatar.com\/avatar\/0dc285cbe86eecc8073f119fcb2e2c7032b51533f5bb47611c7d4a598558b8b7?s=96&d=mm&r=g","height":96,"width":96}},"publisher":{"@type":"Organization","name":"3-s.cz","logo":{"@type":"ImageObject","@id":"\/logo.png","url":"\/logo.png","width":600,"height":60}},"image":null,"wordCount":221,"keywords":null},{"@type":"Article","@id":"https:\/\/www.3-s.cz\/outdoor\/","headline":"Outdoor","url":"https:\/\/www.3-s.cz\/outdoor\/","datePublished":"2025-03-31","dateModified":"2025-03-31","mainEntityOfPage":"https:\/\/www.3-s.cz\/outdoor\/","author":{"@type":"Person","@id":"https:\/\/www.3-s.cz\/author\/#Person","name":"","url":"https:\/\/www.3-s.cz\/author\/","identifier":1,"image":{"@type":"ImageObject","@id":"https:\/\/secure.gravatar.com\/avatar\/0dc285cbe86eecc8073f119fcb2e2c7032b51533f5bb47611c7d4a598558b8b7?s=96&d=mm&r=g","url":"https:\/\/secure.gravatar.com\/avatar\/0dc285cbe86eecc8073f119fcb2e2c7032b51533f5bb47611c7d4a598558b8b7?s=96&d=mm&r=g","height":96,"width":96}},"publisher":{"@type":"Organization","name":"3-s.cz","logo":{"@type":"ImageObject","@id":"\/logo.png","url":"\/logo.png","width":600,"height":60}},"image":null,"wordCount":213,"keywords":null},{"@type":"Article","@id":"https:\/\/www.3-s.cz\/auto-se-da-splacet\/","headline":"Auto se d\u00e1 spl\u00e1cet","url":"https:\/\/www.3-s.cz\/auto-se-da-splacet\/","datePublished":"2025-03-29","dateModified":"2025-03-29","mainEntityOfPage":"https:\/\/www.3-s.cz\/auto-se-da-splacet\/","author":{"@type":"Person","@id":"https:\/\/www.3-s.cz\/author\/#Person","name":"","url":"https:\/\/www.3-s.cz\/author\/","identifier":1,"image":{"@type":"ImageObject","@id":"https:\/\/secure.gravatar.com\/avatar\/0dc285cbe86eecc8073f119fcb2e2c7032b51533f5bb47611c7d4a598558b8b7?s=96&d=mm&r=g","url":"https:\/\/secure.gravatar.com\/avatar\/0dc285cbe86eecc8073f119fcb2e2c7032b51533f5bb47611c7d4a598558b8b7?s=96&d=mm&r=g","height":96,"width":96}},"publisher":{"@type":"Organization","name":"3-s.cz","logo":{"@type":"ImageObject","@id":"\/logo.png","url":"\/logo.png","width":600,"height":60}},"image":{"@type":"ImageObject","@id":"https:\/\/www.3-s.cz\/wp-content\/uploads\/aaaaaaaa_8.jpg","url":"https:\/\/www.3-s.cz\/wp-content\/uploads\/aaaaaaaa_8.jpg","height":0,"width":0},"wordCount":649,"keywords":null},{"@type":"Article","@id":"https:\/\/www.3-s.cz\/kladete-si-otazku-jak-se-chranit-pred-spatnym-pocasim\/","headline":"Kladete si ot\u00e1zku, jak se chr\u00e1nit p\u0159ed \u0161patn\u00fdm po\u010das\u00edm","url":"https:\/\/www.3-s.cz\/kladete-si-otazku-jak-se-chranit-pred-spatnym-pocasim\/","datePublished":"2025-03-26","dateModified":"2025-03-26","mainEntityOfPage":"https:\/\/www.3-s.cz\/kladete-si-otazku-jak-se-chranit-pred-spatnym-pocasim\/","author":{"@type":"Person","@id":"https:\/\/www.3-s.cz\/author\/#Person","name":"","url":"https:\/\/www.3-s.cz\/author\/","identifier":1,"image":{"@type":"ImageObject","@id":"https:\/\/secure.gravatar.com\/avatar\/0dc285cbe86eecc8073f119fcb2e2c7032b51533f5bb47611c7d4a598558b8b7?s=96&d=mm&r=g","url":"https:\/\/secure.gravatar.com\/avatar\/0dc285cbe86eecc8073f119fcb2e2c7032b51533f5bb47611c7d4a598558b8b7?s=96&d=mm&r=g","height":96,"width":96}},"publisher":{"@type":"Organization","name":"3-s.cz","logo":{"@type":"ImageObject","@id":"\/logo.png","url":"\/logo.png","width":600,"height":60}},"image":null,"wordCount":222,"keywords":null},{"@type":"Article","@id":"https:\/\/www.3-s.cz\/s-kotvenim-spiral-anksys-si-usnadnite-praci\/","headline":"S kotven\u00edm Spiral Anksys si usnadn\u00edte pr\u00e1ci","url":"https:\/\/www.3-s.cz\/s-kotvenim-spiral-anksys-si-usnadnite-praci\/","datePublished":"2025-03-24","dateModified":"2025-03-24","mainEntityOfPage":"https:\/\/www.3-s.cz\/s-kotvenim-spiral-anksys-si-usnadnite-praci\/","author":{"@type":"Person","@id":"https:\/\/www.3-s.cz\/author\/#Person","name":"","url":"https:\/\/www.3-s.cz\/author\/","identifier":1,"image":{"@type":"ImageObject","@id":"https:\/\/secure.gravatar.com\/avatar\/0dc285cbe86eecc8073f119fcb2e2c7032b51533f5bb47611c7d4a598558b8b7?s=96&d=mm&r=g","url":"https:\/\/secure.gravatar.com\/avatar\/0dc285cbe86eecc8073f119fcb2e2c7032b51533f5bb47611c7d4a598558b8b7?s=96&d=mm&r=g","height":96,"width":96}},"publisher":{"@type":"Organization","name":"3-s.cz","logo":{"@type":"ImageObject","@id":"\/logo.png","url":"\/logo.png","width":600,"height":60}},"image":{"@type":"ImageObject","@id":"https:\/\/www.3-s.cz\/wp-content\/uploads\/scaffolding-179204_640_10_5.jpg","url":"https:\/\/www.3-s.cz\/wp-content\/uploads\/scaffolding-179204_640_10_5.jpg","height":0,"width":0},"wordCount":586,"keywords":null},{"@type":"Article","@id":"https:\/\/www.3-s.cz\/proc-se-porad-divat-na-stare-veci-kdyz-muzete-mit-nove\/","headline":"Pro\u010d se po\u0159\u00e1d d\u00edvat na star\u00e9 v\u011bci, kdy\u017e m\u016f\u017eete m\u00edt nov\u00e9?","url":"https:\/\/www.3-s.cz\/proc-se-porad-divat-na-stare-veci-kdyz-muzete-mit-nove\/","datePublished":"2025-03-16","dateModified":"2025-03-16","mainEntityOfPage":"https:\/\/www.3-s.cz\/proc-se-porad-divat-na-stare-veci-kdyz-muzete-mit-nove\/","author":{"@type":"Person","@id":"https:\/\/www.3-s.cz\/author\/#Person","name":"","url":"https:\/\/www.3-s.cz\/author\/","identifier":1,"image":{"@type":"ImageObject","@id":"https:\/\/secure.gravatar.com\/avatar\/0dc285cbe86eecc8073f119fcb2e2c7032b51533f5bb47611c7d4a598558b8b7?s=96&d=mm&r=g","url":"https:\/\/secure.gravatar.com\/avatar\/0dc285cbe86eecc8073f119fcb2e2c7032b51533f5bb47611c7d4a598558b8b7?s=96&d=mm&r=g","height":96,"width":96}},"publisher":{"@type":"Organization","name":"3-s.cz","logo":{"@type":"ImageObject","@id":"\/logo.png","url":"\/logo.png","width":600,"height":60}},"image":null,"wordCount":276,"keywords":null},{"@type":"Article","@id":"https:\/\/www.3-s.cz\/vase-data-vzdy-v-bezpeci\/","headline":"Va\u0161e data v\u017edy v bezpe\u010d\u00ed!","url":"https:\/\/www.3-s.cz\/vase-data-vzdy-v-bezpeci\/","datePublished":"2025-03-08","dateModified":"2025-03-08","mainEntityOfPage":"https:\/\/www.3-s.cz\/vase-data-vzdy-v-bezpeci\/","author":{"@type":"Person","@id":"https:\/\/www.3-s.cz\/author\/#Person","name":"","url":"https:\/\/www.3-s.cz\/author\/","identifier":1,"image":{"@type":"ImageObject","@id":"https:\/\/secure.gravatar.com\/avatar\/0dc285cbe86eecc8073f119fcb2e2c7032b51533f5bb47611c7d4a598558b8b7?s=96&d=mm&r=g","url":"https:\/\/secure.gravatar.com\/avatar\/0dc285cbe86eecc8073f119fcb2e2c7032b51533f5bb47611c7d4a598558b8b7?s=96&d=mm&r=g","height":96,"width":96}},"publisher":{"@type":"Organization","name":"3-s.cz","logo":{"@type":"ImageObject","@id":"\/logo.png","url":"\/logo.png","width":600,"height":60}},"image":null,"wordCount":235,"keywords":null}]},{"@context":"https:\/\/schema.org","@type":"WebSite","@id":"https:\/\/www.3-s.cz\/#website","name":"3-S","url":"https:\/\/www.3-s.cz","potentialAction":{"@type":"SearchAction","target":"https:\/\/www.3-s.cz\/?s={search_term_string}","query-input":"required name=search_term_string"}}]