[{"@context":"https:\/\/schema.org\/","@type":"Article","@id":"https:\/\/www.3-s.cz\/mobilheim-do-mesta-i-do-prirody\/#Article","mainEntityOfPage":"https:\/\/www.3-s.cz\/mobilheim-do-mesta-i-do-prirody\/","headline":"Mobilheim do m\u011bsta i do p\u0159\u00edrody","name":"Mobilheim do m\u011bsta i do p\u0159\u00edrody","description":"Mobiln\u00ed domy jsou v dne\u0161n\u00ed dob\u011b velice vysp\u011bl\u00e9, modern\u00ed a inovativn\u00ed. Vyu\u017eijte mobiln\u00ed domy prodej jednotliv\u00fdch skladov\u00fdch z\u00e1sob. Vyb\u00edrat si...","datePublished":"2018-12-12","dateModified":"2023-04-30","author":{"@type":"Person","@id":"https:\/\/www.3-s.cz\/author\/#Person","name":"","url":"https:\/\/www.3-s.cz\/author\/","identifier":1,"image":{"@type":"ImageObject","@id":"https:\/\/secure.gravatar.com\/avatar\/0dc285cbe86eecc8073f119fcb2e2c7032b51533f5bb47611c7d4a598558b8b7?s=96&d=mm&r=g","url":"https:\/\/secure.gravatar.com\/avatar\/0dc285cbe86eecc8073f119fcb2e2c7032b51533f5bb47611c7d4a598558b8b7?s=96&d=mm&r=g","height":96,"width":96}},"publisher":{"@type":"Organization","name":"3-s.cz","logo":{"@type":"ImageObject","@id":"\/logo.png","url":"\/logo.png","width":600,"height":60}},"image":{"@type":"ImageObject","@id":"https:\/\/www.3-s.cz\/wp-content\/uploads\/img_a333387_w1710_t1546716036.jpg","url":"https:\/\/www.3-s.cz\/wp-content\/uploads\/img_a333387_w1710_t1546716036.jpg","height":0,"width":0},"url":"https:\/\/www.3-s.cz\/mobilheim-do-mesta-i-do-prirody\/","about":["Bydlen\u00ed"],"wordCount":407,"articleBody":"          Mobiln\u00ed domy jsou v dne\u0161n\u00ed dob\u011b velice vysp\u011bl\u00e9, modern\u00ed a inovativn\u00ed.   Vyu\u017eijte mobiln\u00ed domy prodej jednotliv\u00fdch skladov\u00fdch z\u00e1sob. Vyb\u00edrat si m\u016f\u017eete z \u0161irok\u00e9 \u0161k\u00e1ly kr\u00e1sn\u00fdch obydl\u00ed. Skladov\u00e9 z\u00e1soby maj\u00ed velkou v\u00fdhodu. Tyto produkty si toti\u017e m\u016f\u017eete v podstat\u011b kdykoliv odv\u00e9zt. Sta\u010d\u00ed si vybrat produkt dle vlastn\u00ed p\u0159edstavy, a pokud je to produkt ze skladov\u00fdch z\u00e1sob, pak v\u00e1m jej klidn\u011b p\u0159iprav\u00edme k p\u0159evozu. O nic se v\u0161ak nemus\u00edte starat, proto\u017ee v\u0161e podstatn\u00e9 za\u0159\u00edd\u00edme. Nemus\u00edte se starat o speci\u00e1ln\u00ed p\u0159epravu, proto\u017ee tu profesion\u00e1ln\u011b zajist\u00edme. Ustav\u00edme obydl\u00ed na parcele a v\u0161e p\u0159iprav\u00edme k provozu. o M\u00e1te r\u00e1di p\u0159\u00edrodu a r\u00e1di bydl\u00edte ve vlastn\u00edm? V tom p\u0159\u00edpad\u011b pro v\u00e1s bude ide\u00e1ln\u00ed bydlen\u00ed v mobiln\u00edm dom\u011b. Ide\u00e1ln\u00ed bydlen\u00ed pro ka\u017ed\u00e9ho, a\u0165 u\u017e mlad\u00e9ho nebo star\u0161\u00edho. Rodiny s d\u011btmi, za\u010d\u00ednaj\u00edc\u00ed p\u00e1ry, star\u0161\u00ed man\u017eel\u00e9, ka\u017ed\u00fd ocen\u00ed bydlen\u00ed ve vlastn\u00edm. \u017d\u00e1dn\u00ed soused\u00e9 za zd\u00ed, \u017e\u00e1dn\u00e9 ukl\u00edzen\u00ed chodby, m\u00e1te pouze to, co v\u00e1m pat\u0159\u00ed a za velice n\u00edzkou cenu. Nechejte si d\u016fm postavit podle vlastn\u00edch p\u0159edstav  Obydl\u00ed v\u00e1m m\u016f\u017eeme tak\u00e9 vyrobit \u00fapln\u011b nov\u00e9 a kr\u00e1sn\u00e9. Presti\u017en\u00ed bydlen\u00ed, vkusn\u00e9 a z\u00e1rove\u0148 \u00fatuln\u00e9, pobl\u00ed\u017e p\u0159\u00edrody, na \u010derstv\u00e9m vzduchu, s n\u00edzk\u00fdmi m\u011bs\u00ed\u010dn\u00edmi n\u00e1klady. Takov\u00e9to bydlen\u00ed m\u016f\u017eete vyu\u017e\u00edt jako celoro\u010dn\u00ed nebo jen rekrea\u010dn\u00ed 1) Celoro\u010dn\u00ed \u2013 bydlen\u00ed v takov\u00e9mto produktu p\u0159edstavuje velice \u00fasporn\u00e9 \u0159e\u0161en\u00ed vlastn\u00ed dom\u00e1cnosti. Nemus\u00edte si d\u011blat starosti, \u017ee byste v zim\u011b uvnit\u0159 m\u011bli chladno, vyt\u00e1p\u011bn\u00ed je \u0159e\u0161en\u00e9 precizn\u00edm zp\u016fsobem a v\u0161e je zaji\u0161t\u011bn\u00e9. Speci\u00e1ln\u00ed technologie zateplen\u00ed zajist\u00ed, \u017ee v\u00e1m zbyte\u010dn\u011b nebude teplo unikat, tak\u017ee se rozhodn\u011b nen\u00ed \u010deho b\u00e1t. 2) Rekrea\u010dn\u00ed \u2013 Zvolit m\u016f\u017eete i tuto variantu. Rekrea\u010dn\u00ed obydl\u00ed se hod\u00ed na zahrady, kde pot\u0159ebujete p\u0159espat na v\u00edkend, sta\u010d\u00ed si zvolit men\u0161\u00ed \u010di v\u011bt\u0161\u00ed typ. M\u016f\u017eete jej vyu\u017e\u00edt tak\u00e9 jako zahradn\u00ed domek, nebo jako p\u0159echodn\u00e9 pracovi\u0161t\u011b. Variant je opravdu spousta. Vymyslet si m\u016f\u017eete i vlastn\u00ed zp\u016fsob, jak jej vyu\u017e\u00edt.                                                                                                                                                                                                                                                                                                                                                                                           3.2\/5 - (8 votes)        "},{"@context":"https:\/\/schema.org\/","@type":"BreadcrumbList","itemListElement":[{"@type":"ListItem","position":1,"name":"Mobilheim do m\u011bsta i do p\u0159\u00edrody","item":"https:\/\/www.3-s.cz\/mobilheim-do-mesta-i-do-prirody\/#breadcrumbitem"}]}]