[{"@context":"https:\/\/schema.org\/","@type":"Article","@id":"https:\/\/www.3-s.cz\/kdyz-to-jde-doma-mohlo-by-to-jit-i-v-praci\/#Article","mainEntityOfPage":"https:\/\/www.3-s.cz\/kdyz-to-jde-doma-mohlo-by-to-jit-i-v-praci\/","headline":"Kdy\u017e to jde doma, mohlo by to j\u00edt i v pr\u00e1ci","name":"Kdy\u017e to jde doma, mohlo by to j\u00edt i v pr\u00e1ci","description":"Kdo by nesed\u011bl a neodpo\u010d\u00edval r\u00e1d. Vy snad zn\u00e1te takov\u00e9ho \u010dlov\u011bka? J\u00e1 ne. Mo\u017en\u00e1 soud\u00edm podle sebe. R\u00e1da se zabo\u0159\u00edm...","datePublished":"2025-04-11","dateModified":"2025-04-11","author":{"@type":"Person","@id":"https:\/\/www.3-s.cz\/author\/#Person","name":"","url":"https:\/\/www.3-s.cz\/author\/","identifier":1,"image":{"@type":"ImageObject","@id":"https:\/\/secure.gravatar.com\/avatar\/0dc285cbe86eecc8073f119fcb2e2c7032b51533f5bb47611c7d4a598558b8b7?s=96&d=mm&r=g","url":"https:\/\/secure.gravatar.com\/avatar\/0dc285cbe86eecc8073f119fcb2e2c7032b51533f5bb47611c7d4a598558b8b7?s=96&d=mm&r=g","height":96,"width":96}},"publisher":{"@type":"Organization","name":"3-s.cz","logo":{"@type":"ImageObject","@id":"\/logo.png","url":"\/logo.png","width":600,"height":60}},"url":"https:\/\/www.3-s.cz\/kdyz-to-jde-doma-mohlo-by-to-jit-i-v-praci\/","wordCount":181,"articleBody":"Kdo by nesed\u011bl a neodpo\u010d\u00edval r\u00e1d. Vy snad zn\u00e1te takov\u00e9ho \u010dlov\u011bka? J\u00e1 ne. Mo\u017en\u00e1 soud\u00edm podle sebe. R\u00e1da se zabo\u0159\u00edm do hlubok\u00e9ho m\u011bkou\u010dk\u00e9ho k\u0159esla, stul\u00edm se do klub\u00ed\u010dka a za\u010dtu se do sv\u00e9 obl\u00edben\u00e9 knihy. V\u017edy za\u017e\u00edv\u00e1m pocit b\u00e1je\u010dn\u00e9ho uvoln\u011bn\u00ed a zvl\u00e1\u0161tn\u00ed pocit bezpe\u010d\u00ed, \u017ee m\u00e1m kone\u010dn\u011b klid a \u010das sama pro sebe. Zkuste to taky! Zjistila jsem, \u017ee pokud odejdu do pr\u00e1ce a usednu na svou pracovn\u00ed \u017eidli k po\u010d\u00edta\u010di, m\u00e1m pocit, \u017ee pokud bych mohla sed\u011bt alespo\u0148 malinko pohodln\u011bji, i kdy\u017e samoz\u0159ejm\u011b ne tak jako doma, \u0161la by mi pr\u00e1ce mnohem l\u00e9pe od ruky. Proto jsem se rozhodla promluvit s na\u0161\u00edm vedouc\u00edm a dohodli jsme se, \u017ee vybav\u00edme na\u0161e kancel\u00e1\u0159e nov\u00fdmi kancel\u00e1\u0159sk\u00fdmi k\u0159esly. Te\u010f u\u017e si v pr\u00e1ci p\u0159ipad\u00e1m tak trochu jako doma a je to b\u00e1je\u010dn\u00e9.                                                                                                                                                                                                                                                                                                                                                                                                "},{"@context":"https:\/\/schema.org\/","@type":"BreadcrumbList","itemListElement":[{"@type":"ListItem","position":1,"name":"Kdy\u017e to jde doma, mohlo by to j\u00edt i v pr\u00e1ci","item":"https:\/\/www.3-s.cz\/kdyz-to-jde-doma-mohlo-by-to-jit-i-v-praci\/#breadcrumbitem"}]}]