[{"@context":"https:\/\/schema.org\/","@type":"Article","@id":"https:\/\/www.3-s.cz\/kdyz-muz-nefandi-zadnemu-svatku\/#Article","mainEntityOfPage":"https:\/\/www.3-s.cz\/kdyz-muz-nefandi-zadnemu-svatku\/","headline":"Kdy\u017e mu\u017e nefand\u00ed \u017e\u00e1dn\u00e9mu sv\u00e1tku","name":"Kdy\u017e mu\u017e nefand\u00ed \u017e\u00e1dn\u00e9mu sv\u00e1tku","description":"St\u00e1v\u00e1 se, \u017ee se najdou mu\u017ei, kte\u0159\u00ed nefand\u00ed \u017e\u00e1dn\u00e9mu sv\u00e1tku. Bohu\u017eel takov\u00ed mu\u017ei jsou a rozhodn\u011b jich nen\u00ed m\u00e1lo. Co...","datePublished":"2022-05-28","dateModified":"2023-04-30","author":{"@type":"Person","@id":"https:\/\/www.3-s.cz\/author\/#Person","name":"","url":"https:\/\/www.3-s.cz\/author\/","identifier":1,"image":{"@type":"ImageObject","@id":"https:\/\/secure.gravatar.com\/avatar\/0dc285cbe86eecc8073f119fcb2e2c7032b51533f5bb47611c7d4a598558b8b7?s=96&d=mm&r=g","url":"https:\/\/secure.gravatar.com\/avatar\/0dc285cbe86eecc8073f119fcb2e2c7032b51533f5bb47611c7d4a598558b8b7?s=96&d=mm&r=g","height":96,"width":96}},"publisher":{"@type":"Organization","name":"3-s.cz","logo":{"@type":"ImageObject","@id":"\/logo.png","url":"\/logo.png","width":600,"height":60}},"image":{"@type":"ImageObject","@id":"https:\/\/www.3-s.cz\/wp-content\/uploads\/velik.JPG","url":"https:\/\/www.3-s.cz\/wp-content\/uploads\/velik.JPG","height":0,"width":0},"url":"https:\/\/www.3-s.cz\/kdyz-muz-nefandi-zadnemu-svatku\/","about":["Mu\u017ei"],"wordCount":494,"articleBody":"St\u00e1v\u00e1 se, \u017ee se najdou mu\u017ei, kte\u0159\u00ed nefand\u00ed \u017e\u00e1dn\u00e9mu sv\u00e1tku. Bohu\u017eel takov\u00ed mu\u017ei jsou a rozhodn\u011b jich nen\u00ed m\u00e1lo. Co v\u00a0takov\u00e9m p\u0159\u00edpad\u011b d\u011blat, kdy\u017e po \u010dase vztahu s takov\u00fdm mu\u017eem zjist\u00edte, \u017ee n\u011b\u010demu takov\u00e9mu nefand\u00ed? Jen m\u00e1lokoho napadne se p\u0159i seznamov\u00e1n\u00ed zeptat, jak\u00fd m\u00e1 dan\u00fd mu\u017e n\u00e1zor na sv\u00e1tky. V\u0161ichni tak n\u011bjak p\u0159edpokl\u00e1daj\u00ed, \u017ee je maj\u00ed lid\u00e9 r\u00e1di.N\u011bco takov\u00e9ho m\u016f\u017ee b\u00fdt zejm\u00e9na v\u00a0p\u0159\u00edpad\u011b, \u017ee \u017eena dan\u00fd sv\u00e1tek miluje, t\u011b\u017ek\u00e9. Jsou \u017eeny, kter\u00e9 jsou schopny vyrobit si sv\u00e9 vlastn\u00ed ozdoby a ozdobit tak dan\u00fd d\u016fm od st\u0159echy a\u017e k\u00a0z\u00e1klad\u016fm. Jestli\u017ee mu\u017e \u017eeny nem\u00e1 r\u00e1d sv\u00e1tky, nebude to m\u00edt \u017eena jednoduch\u00e9.\u00a0Ur\u010dit\u011b je mo\u017en\u00e9 zkusit to tak, \u017ee jeden rok bude v\u00fdzdoba o n\u011bco stro\u017eej\u0161\u00ed a dal\u0161\u00ed roky bude lep\u0161\u00ed a lep\u0161\u00ed. Mo\u017en\u00e1, \u017ee d\u00edky n\u011b\u010demu takov\u00e9mu nau\u010d\u00edte va\u0161eho mu\u017ee v\u0161e br\u00e1t tak, jak to je a nebude m\u00edt s\u00a0v\u00fdzdobou v\u00a0dom\u00e1cnosti \u017e\u00e1dn\u00fd probl\u00e9m.N\u011bkte\u0159\u00ed mu\u017ei nemus\u00ed m\u00edt sv\u00e1tky r\u00e1di nap\u0159\u00edklad z\u00a0toho d\u016fvodu, \u017ee jeho rodina n\u011bco takov\u00e9ho neuzn\u00e1vala nebo dan\u00e9mu mu\u017ei dan\u00e9 sv\u00e1tky zkazila natolik, \u017ee je opravdu nem\u00e1 r\u00e1d a m\u00e1 s\u00a0nimi probl\u00e9m.\u00a0M\u016f\u017ee b\u00fdt t\u011b\u017ek\u00e9 dan\u00e9ho mu\u017ee p\u0159esv\u011bd\u010dit o tom, \u017ee dan\u00e9 sv\u00e1tky nejsou tak \u0161patn\u00e9, jak se m\u016f\u017ee zd\u00e1t. Ur\u010dit\u011b se v\u00e1m m\u016f\u017ee dan\u00e9ho mu\u017ee p\u0159esv\u011bd\u010dit, ale jednoduch\u00e9 to rozhodn\u011b nebude.\u00a0Bohu\u017eel ne v\u0161ichni maj\u00ed sv\u00e1tky r\u00e1di tak, jak bychom si p\u0159\u00e1li. M\u016f\u017ee se st\u00e1t, \u017ee se v\u00e1m povede zm\u011bnit n\u00e1zor, ale m\u016f\u017ee se tak\u00e9 st\u00e1t, \u017ee i p\u0159es ve\u0161kerou snahu se v\u00e1m to nepo\u0161t\u011bst\u00ed nikdy.Jestli\u017ee ale m\u00e1te vy dan\u00e9 sv\u00e1tky velice r\u00e1di, je to jen dob\u0159e. Ned\u011blejte si nic z\u00a0toho, \u017ee doma nem\u016f\u017eete m\u00edt v\u00fdzdobu ve velk\u00e9m. D\u00e1 se dan\u00e1 atmosf\u00e9ra na\u010derpat jinde. V\u00a0p\u0159\u00edpad\u011b V\u00e1noc jsou to nap\u0159\u00edklad v\u00e1no\u010dn\u00ed trhy nebo ozdoby, kter\u00e9 \u010dlov\u011bk uvid\u00ed v\u00a0n\u00e1kupn\u00edch centrech.\u00a0V\u017edy se to d\u00e1 n\u011bjak\u00fdm zp\u016fsobem ud\u011blat tak, aby v\u00e1s neopustil duch dan\u00e9ho sv\u00e1tku.\u00a0I vy byste si m\u011bli sv\u00e1tky u\u017e\u00edt na maximum a to i p\u0159esto, \u017ee \u017eijete s\u00a0n\u011bk\u00fdm, kdo n\u011bco takov\u00e9ho nem\u00e1 zrovna v\u00a0l\u00e1sce. Jen bude pot\u0159eba negativn\u00ed \u0159e\u010di dan\u00e9ho \u010dlov\u011bka ignorovat. Jinak to nep\u016fjde.                                                                                                                                                                                                                                                                                                                                                                                        4\/5 - (6 votes)        "},{"@context":"https:\/\/schema.org\/","@type":"BreadcrumbList","itemListElement":[{"@type":"ListItem","position":1,"name":"Kdy\u017e mu\u017e nefand\u00ed \u017e\u00e1dn\u00e9mu sv\u00e1tku","item":"https:\/\/www.3-s.cz\/kdyz-muz-nefandi-zadnemu-svatku\/#breadcrumbitem"}]}]