[{"@context":"https:\/\/schema.org\/","@type":"Article","@id":"https:\/\/www.3-s.cz\/hygienicke-prepravky\/#Article","mainEntityOfPage":"https:\/\/www.3-s.cz\/hygienicke-prepravky\/","headline":"Hygienick\u00e9 p\u0159epravky","name":"Hygienick\u00e9 p\u0159epravky","description":"M\u00e1te doma n\u011bjakou p\u0159epravku na maso? Mysl\u00edm si, \u017ee p\u0159epravky na maso vyu\u017e\u00edvaj\u00ed hlavn\u011b obchodn\u00edci, kte\u0159\u00ed obchoduj\u00ed s masem. Proto\u017ee...","datePublished":"2022-07-09","dateModified":"2023-07-21","author":{"@type":"Person","@id":"https:\/\/www.3-s.cz\/author\/#Person","name":"","url":"https:\/\/www.3-s.cz\/author\/","identifier":1,"image":{"@type":"ImageObject","@id":"https:\/\/secure.gravatar.com\/avatar\/0dc285cbe86eecc8073f119fcb2e2c7032b51533f5bb47611c7d4a598558b8b7?s=96&d=mm&r=g","url":"https:\/\/secure.gravatar.com\/avatar\/0dc285cbe86eecc8073f119fcb2e2c7032b51533f5bb47611c7d4a598558b8b7?s=96&d=mm&r=g","height":96,"width":96}},"publisher":{"@type":"Organization","name":"3-s.cz","logo":{"@type":"ImageObject","@id":"\/logo.png","url":"\/logo.png","width":600,"height":60}},"image":{"@type":"ImageObject","@id":"https:\/\/www.3-s.cz\/wp-content\/uploads\/p%C5%99epravky%20na%20mas.jpg","url":"https:\/\/www.3-s.cz\/wp-content\/uploads\/p%C5%99epravky%20na%20mas.jpg","height":0,"width":0},"url":"https:\/\/www.3-s.cz\/hygienicke-prepravky\/","about":["Zbo\u017e\u00ed"],"wordCount":404,"articleBody":"        M\u00e1te doma n\u011bjakou p\u0159epravku na maso? Mysl\u00edm si, \u017ee p\u0159epravky na maso vyu\u017e\u00edvaj\u00ed hlavn\u011b obchodn\u00edci, kte\u0159\u00ed obchoduj\u00ed s masem. Proto\u017ee moje babi\u010dka d\u0159\u00edve pracovala v masokombin\u00e1tu. A mus\u00edm \u0159\u00edct, \u017ee opravdu setk\u00e1vala s tolika p\u0159epravkami na maso, \u017ee a\u017e j\u00ed z toho o\u010di p\u0159ech\u00e1zely. P\u0159epravka na maso pr\u00fd mus\u00ed b\u00fdt z takov\u00e9ho materi\u00e1lu, kter\u00fd se velice snadno udr\u017euje. A je to hlavn\u011b kv\u016fli nemocem. A j\u00e1 jsem si \u0159ekla, \u017ee by m\u011b opravdu zaj\u00edmalo, jak takov\u00e1 p\u0159epravka na maso vypad\u00e1. V\u016fbec jsem nem\u011bla pon\u011bt\u00ed, jak to m\u016f\u017ee vypadat. Nav\u00edc jsem se chystala o velk\u00fdch pr\u00e1zdnin\u00e1ch na brig\u00e1du pr\u00e1v\u011b k babi\u010dce do masokombin\u00e1tu.A tak m\u011b babi\u010dka jednoho dne vzala s sebou, abych si tam masokombin\u00e1tu v\u0161echno prohl\u00e9dla. Mus\u00edm \u0159\u00edct, \u017ee m\u011b prvn\u00ed ze za\u010d\u00e1tku zarazila takov\u00e1 velk\u00e1 mno\u017estv\u00ed masa. Ud\u011blalo se mi ze za\u010d\u00e1tku tro\u0161ku \u0161patn\u011b. Tolik masa jsem pohromad\u011b opravdu nikdy nevid\u011bla. A potom mi babi\u010dka taky uk\u00e1zala v\u0161elijak\u00e9 no\u017ee a taky p\u0159epravky na maso. P\u0159epravka na maso byla takov\u00e1 tmav\u011b \u010derven\u00e1. Nev\u00edm pro\u010d, ale m\u011b kv\u016fli t\u00e9 barv\u011b se v tom asi maso n\u011bjak ztr\u00e1celo. Kdybych j\u00e1 m\u011bla d\u00e1t barvu p\u0159epravce na maso, tak bych ji dala asi b\u00edlou. Nicm\u00e9n\u011b ale p\u0159epravka na maso, kter\u00e1 m\u00e1 b\u00fdt tmav\u011b \u010derven\u00e1.Tak jsem to nechala b\u00fdt. A taky p\u0159epravka na maso Schoellerallibert mus\u00ed b\u00fdt z hladk\u00e9ho materi\u00e1lu, aby odt\u00e9kala \u0161\u0165\u00e1va z masa anebo n\u011bjak\u00e1 voda nezatekla do sp\u00e1r. To by se pak samoz\u0159ejm\u011b velice t\u011b\u017eko \u010distilo. Tak\u017ee materi\u00e1l je opravdu moc hladk\u00fd a \u010dist\u00fd. A mus\u00ed se \u010distit opravdu jarem a horkou vodou. Proto\u017ee tady plat\u00ed vysok\u00e1 hygiena. Tam i v masokombin\u00e1tu se pracuje se syrov\u00fdm masem, tak je logick\u00e9, \u017ee se taky o\u010dek\u00e1v\u00e1 vysok\u00e1 hygiena. Chod\u00ed tam samoz\u0159ejm\u011b pravideln\u011b kontrola. A j\u00e1 si mysl\u00edm, \u017ee mi babi\u010dka uk\u00e1zala opravdu hodn\u011b. Nav\u00edc si \u0159\u00edk\u00e1m, \u017ee to tak \u00fapln\u011b jednoduch\u00e1 pr\u00e1ce jist\u011b nebude. S babi\u010dkou jsme se tam pak hodn\u011b oh\u00e1n\u011bly.                                                                                                                                                                                                                                                                                                                                                                                          4.3\/5 - (18 votes)        "},{"@context":"https:\/\/schema.org\/","@type":"BreadcrumbList","itemListElement":[{"@type":"ListItem","position":1,"name":"Hygienick\u00e9 p\u0159epravky","item":"https:\/\/www.3-s.cz\/hygienicke-prepravky\/#breadcrumbitem"}]}]